{"id":118,"date":"2017-01-03T23:06:15","date_gmt":"2017-01-03T22:06:15","guid":{"rendered":"http:\/\/imorche.de\/blog\/?p=118"},"modified":"2017-01-03T23:08:25","modified_gmt":"2017-01-03T22:08:25","slug":"arstidir-svefns-og-voeku-sil","status":"publish","type":"post","link":"http:\/\/imorche.de\/blog\/2017\/01\/03\/arstidir-svefns-og-voeku-sil\/","title":{"rendered":"\u00c1rst\u00ed\u00f0ir &#8211; Svefns og v\u00f6ku sil"},"content":{"rendered":"<p><img loading=\"lazy\" class=\"alignnone size-medium wp-image-119\" src=\"http:\/\/imorche.de\/blog\/wp-content\/uploads\/2017\/01\/1361545657_folder-300x300.jpg\" alt=\"\" width=\"300\" height=\"300\" srcset=\"http:\/\/imorche.de\/blog\/wp-content\/uploads\/2017\/01\/1361545657_folder-300x300.jpg 300w, http:\/\/imorche.de\/blog\/wp-content\/uploads\/2017\/01\/1361545657_folder-150x150.jpg 150w, http:\/\/imorche.de\/blog\/wp-content\/uploads\/2017\/01\/1361545657_folder-50x50.jpg 50w, http:\/\/imorche.de\/blog\/wp-content\/uploads\/2017\/01\/1361545657_folder.jpg 500w\" sizes=\"(max-width: 300px) 100vw, 300px\" \/><\/p>\n<p><em>Erschienen: 2. M\u00e4rz 2012<\/em><\/p>\n<p><em>Label:\u00a0Nordic Notes<\/em><\/p>\n<p><em>Wertung 6\/10<\/em><\/p>\n<p>Nachdem ich von dem aktuellen Output dieser Band recht begeistert war, wollte ich nat\u00fcrlich auch einen Blick auf die fr\u00fcheren Werke werfen. In Vorbereitung auf unseren Islan-Trip, sozusagen. Aber das ist mir dann doch zu folk-lastig. H\u00f6rt sich nicht schlecht an, aber mir fehlt da etwas der Drive. Ich werde die Kapelle im Auge behalten und hoffe auf eine Fortsetzung mit etwas mehr Prog- oder Ambient-Anteil. F\u00fcr Fans von Folkmusik&#8230;<\/p>\n","protected":false},"excerpt":{"rendered":"<p>Erschienen: 2. M\u00e4rz 2012 Label:\u00a0Nordic Notes Wertung 6\/10 Nachdem ich von dem aktuellen Output dieser Band recht begeistert war, wollte ich nat\u00fcrlich auch einen Blick auf die fr\u00fcheren Werke werfen. In Vorbereitung auf unseren Islan-Trip, sozusagen. Aber das ist mir dann doch zu folk-lastig. H\u00f6rt sich nicht schlecht an, aber mir fehlt da etwas der [&hellip;]<\/p>\n","protected":false},"author":1,"featured_media":0,"comment_status":"open","ping_status":"open","sticky":false,"template":"","format":"standard","meta":[],"categories":[8],"tags":[],"_links":{"self":[{"href":"http:\/\/imorche.de\/blog\/wp-json\/wp\/v2\/posts\/118"}],"collection":[{"href":"http:\/\/imorche.de\/blog\/wp-json\/wp\/v2\/posts"}],"about":[{"href":"http:\/\/imorche.de\/blog\/wp-json\/wp\/v2\/types\/post"}],"author":[{"embeddable":true,"href":"http:\/\/imorche.de\/blog\/wp-json\/wp\/v2\/users\/1"}],"replies":[{"embeddable":true,"href":"http:\/\/imorche.de\/blog\/wp-json\/wp\/v2\/comments?post=118"}],"version-history":[{"count":2,"href":"http:\/\/imorche.de\/blog\/wp-json\/wp\/v2\/posts\/118\/revisions"}],"predecessor-version":[{"id":121,"href":"http:\/\/imorche.de\/blog\/wp-json\/wp\/v2\/posts\/118\/revisions\/121"}],"wp:attachment":[{"href":"http:\/\/imorche.de\/blog\/wp-json\/wp\/v2\/media?parent=118"}],"wp:term":[{"taxonomy":"category","embeddable":true,"href":"http:\/\/imorche.de\/blog\/wp-json\/wp\/v2\/categories?post=118"},{"taxonomy":"post_tag","embeddable":true,"href":"http:\/\/imorche.de\/blog\/wp-json\/wp\/v2\/tags?post=118"}],"curies":[{"name":"wp","href":"https:\/\/api.w.org\/{rel}","templated":true}]}}